{"id":24653,"date":"2026-09-03T06:31:55","date_gmt":"2026-09-03T11:31:55","guid":{"rendered":"https:\/\/dambientes.com\/tienda\/?p=24653"},"modified":"2026-09-03T06:31:55","modified_gmt":"2026-09-03T11:31:55","slug":"galeria-de-eames-office-celebra-80-anos-de-historia-del-diseno-con-una-exposicion-en-tokio-5-archdaily","status":"publish","type":"post","link":"https:\/\/dambientes.com\/tienda\/galeria-de-eames-office-celebra-80-anos-de-historia-del-diseno-con-una-exposicion-en-tokio-5-archdaily\/","title":{"rendered":"Galer\u00eda de Eames Office celebra 80 a\u00f1os de historia del dise\u00f1o con una exposici\u00f3n en Tokio &#8211; 5 &#8211; ArchDaily"},"content":{"rendered":"<p> <br \/>\n<br \/><a target=\"_blank\" href=\"https:\/\/news.google.com\/rss\/articles\/CBMixAJBVV95cUxNNnpaWlR4Q1lBMXl0UEFpTWZISVd3ZU5vblZxNkp0bk9UcnBkT0RnVUZFTjRNa0lqUUxsajN3OEJCMFJvZ3RVSENJbzRaQmRQUWtFckdhenVQc013YzlrX01zcmtKOVZEU2s4ZGtQNURsN3Fqd0hza3h6eld5Y0c5ekRGY0lsdXE4VVBHZGc5Y2xRSHJrdGJkSDNFZUZoNktnNG5hMUZRSU9WM2txbzI5WW1sVklHTXFRQjhQM2hIdVFyX3FNMkpRS1JWQnFqd1FUNnBNX1pVME1yRDZmeS1KZjl3VmlfMUd2MVRjZjhNX0VGOVU2d1BKQmNtRWhmLXhoQ21fQk92dzE5STNpTDdjazh0UHFnWnJ3S2tkem53dUtXZ092d3l6N2xtZGFMMzlkZHkzbDBtdVZmb0ViUG1VZUVKQXU?oc=5\" target=\"_blank\">Galer\u00eda de Eames Office celebra 80 a\u00f1os de historia del dise\u00f1o con una exposici\u00f3n en Tokio &#8211; 5<\/a>&nbsp;&nbsp;<font color=\"#6f6f6f\">ArchDaily<\/font><br \/>\n<br \/><br \/>\n<br \/><a href=\"https:\/\/news.google.com\/rss\/articles\/CBMixAJBVV95cUxNNnpaWlR4Q1lBMXl0UEFpTWZISVd3ZU5vblZxNkp0bk9UcnBkT0RnVUZFTjRNa0lqUUxsajN3OEJCMFJvZ3RVSENJbzRaQmRQUWtFckdhenVQc013YzlrX01zcmtKOVZEU2s4ZGtQNURsN3Fqd0hza3h6eld5Y0c5ekRGY0lsdXE4VVBHZGc5Y2xRSHJrdGJkSDNFZUZoNktnNG5hMUZRSU9WM2txbzI5WW1sVklHTXFRQjhQM2hIdVFyX3FNMkpRS1JWQnFqd1FUNnBNX1pVME1yRDZmeS1KZjl3VmlfMUd2MVRjZjhNX0VGOVU2d1BKQmNtRWhmLXhoQ21fQk92dzE5STNpTDdjazh0UHFnWnJ3S2tkem53dUtXZ092d3l6N2xtZGFMMzlkZHkzbDBtdVZmb0ViUG1VZUVKQXU?oc=5\">Source link <\/a><\/p>\n","protected":false},"excerpt":{"rendered":"<p>Galer\u00eda de Eames Office celebra 80 a\u00f1os de historia del dise\u00f1o con una exposici\u00f3n en Tokio &#8211; 5&nbsp;&nbsp;ArchDaily Source link<\/p>\n","protected":false},"author":1,"featured_media":23361,"comment_status":"open","ping_status":"open","sticky":false,"template":"","format":"standard","meta":{"om_disable_all_campaigns":false,"_monsterinsights_skip_tracking":false,"_monsterinsights_sitenote_active":false,"_monsterinsights_sitenote_note":"","_monsterinsights_sitenote_category":0,"_jetpack_memberships_contains_paid_content":false,"footnotes":""},"categories":[89],"tags":[178,876,581,106,179,127,303,583,477,582,406,584,142],"class_list":["post-24653","post","type-post","status-publish","format-standard","has-post-thumbnail","hentry","category-eames","tag-anos","tag-archdaily","tag-celebra","tag-con","tag-del","tag-diseno","tag-eames","tag-exposicion","tag-galeria","tag-historia","tag-office","tag-tokio","tag-una"],"jetpack_sharing_enabled":true,"jetpack_featured_media_url":"https:\/\/dambientes.com\/tienda\/wp-content\/uploads\/2025\/04\/J6_coFbogxhRI9iM864NL_liGXvsQp2AupsKei7z0cNNfDvGUmWUy20nuUhkREQyrpY4bEeIBucs0-w300-rw.webp","_links":{"self":[{"href":"https:\/\/dambientes.com\/tienda\/wp-json\/wp\/v2\/posts\/24653","targetHints":{"allow":["GET"]}}],"collection":[{"href":"https:\/\/dambientes.com\/tienda\/wp-json\/wp\/v2\/posts"}],"about":[{"href":"https:\/\/dambientes.com\/tienda\/wp-json\/wp\/v2\/types\/post"}],"author":[{"embeddable":true,"href":"https:\/\/dambientes.com\/tienda\/wp-json\/wp\/v2\/users\/1"}],"replies":[{"embeddable":true,"href":"https:\/\/dambientes.com\/tienda\/wp-json\/wp\/v2\/comments?post=24653"}],"version-history":[{"count":1,"href":"https:\/\/dambientes.com\/tienda\/wp-json\/wp\/v2\/posts\/24653\/revisions"}],"predecessor-version":[{"id":24654,"href":"https:\/\/dambientes.com\/tienda\/wp-json\/wp\/v2\/posts\/24653\/revisions\/24654"}],"wp:featuredmedia":[{"embeddable":true,"href":"https:\/\/dambientes.com\/tienda\/wp-json\/wp\/v2\/media\/23361"}],"wp:attachment":[{"href":"https:\/\/dambientes.com\/tienda\/wp-json\/wp\/v2\/media?parent=24653"}],"wp:term":[{"taxonomy":"category","embeddable":true,"href":"https:\/\/dambientes.com\/tienda\/wp-json\/wp\/v2\/categories?post=24653"},{"taxonomy":"post_tag","embeddable":true,"href":"https:\/\/dambientes.com\/tienda\/wp-json\/wp\/v2\/tags?post=24653"}],"curies":[{"name":"wp","href":"https:\/\/api.w.org\/{rel}","templated":true}]}}